{"id":512,"date":"2022-10-21T11:04:36","date_gmt":"2022-10-21T16:04:36","guid":{"rendered":"https:\/\/jjvlegal.com\/?p=512"},"modified":"2022-11-10T12:17:48","modified_gmt":"2022-11-10T17:17:48","slug":"coctel-por-los-senores-generales-de-la-policia-nacional","status":"publish","type":"post","link":"https:\/\/jjvlegal.com\/index.php\/2022\/10\/21\/coctel-por-los-senores-generales-de-la-policia-nacional\/","title":{"rendered":"Coctel por los se\u00f1ores generales de la Polic\u00eda Nacional"},"content":{"rendered":"\t\t<div data-elementor-type=\"wp-post\" data-elementor-id=\"512\" class=\"elementor elementor-512\">\n\t\t\t\t\t\t\t\t\t<section class=\"elementor-section elementor-top-section elementor-element elementor-element-4d98891f elementor-section-boxed elementor-section-height-default elementor-section-height-default\" data-id=\"4d98891f\" data-element_type=\"section\">\n\t\t\t\t\t\t<div class=\"elementor-container elementor-column-gap-default\">\n\t\t\t\t\t<div class=\"elementor-column elementor-col-100 elementor-top-column elementor-element elementor-element-2772fb5d\" data-id=\"2772fb5d\" data-element_type=\"column\">\n\t\t\t<div class=\"elementor-widget-wrap elementor-element-populated\">\n\t\t\t\t\t\t\t\t<div class=\"elementor-element elementor-element-de5df92 elementor-widget elementor-widget-spacer\" data-id=\"de5df92\" data-element_type=\"widget\" data-widget_type=\"spacer.default\">\n\t\t\t\t<div class=\"elementor-widget-container\">\n\t\t\t<style>\/*! elementor - v3.9.1 - 14-12-2022 *\/\n.elementor-column .elementor-spacer-inner{height:var(--spacer-size)}.e-con{--container-widget-width:100%}.e-con-inner>.elementor-widget-spacer,.e-con>.elementor-widget-spacer{width:var(--container-widget-width,var(--spacer-size));--align-self:var(--container-widget-align-self,initial);--flex-shrink:0}.e-con-inner>.elementor-widget-spacer>.elementor-widget-container,.e-con-inner>.elementor-widget-spacer>.elementor-widget-container>.elementor-spacer,.e-con>.elementor-widget-spacer>.elementor-widget-container,.e-con>.elementor-widget-spacer>.elementor-widget-container>.elementor-spacer{height:100%}.e-con-inner>.elementor-widget-spacer>.elementor-widget-container>.elementor-spacer>.elementor-spacer-inner,.e-con>.elementor-widget-spacer>.elementor-widget-container>.elementor-spacer>.elementor-spacer-inner{height:var(--container-widget-height,var(--spacer-size))}<\/style>\t\t<div class=\"elementor-spacer\">\n\t\t\t<div class=\"elementor-spacer-inner\"><\/div>\n\t\t<\/div>\n\t\t\t\t<\/div>\n\t\t\t\t<\/div>\n\t\t\t\t<div class=\"elementor-element elementor-element-70e9202 elementor-invisible elementor-widget elementor-widget-heading\" data-id=\"70e9202\" data-element_type=\"widget\" data-settings=\"{&quot;_animation&quot;:&quot;fadeInDown&quot;}\" data-widget_type=\"heading.default\">\n\t\t\t\t<div class=\"elementor-widget-container\">\n\t\t\t<style>\/*! elementor - v3.9.1 - 14-12-2022 *\/\n.elementor-heading-title{padding:0;margin:0;line-height:1}.elementor-widget-heading .elementor-heading-title[class*=elementor-size-]>a{color:inherit;font-size:inherit;line-height:inherit}.elementor-widget-heading .elementor-heading-title.elementor-size-small{font-size:15px}.elementor-widget-heading .elementor-heading-title.elementor-size-medium{font-size:19px}.elementor-widget-heading .elementor-heading-title.elementor-size-large{font-size:29px}.elementor-widget-heading .elementor-heading-title.elementor-size-xl{font-size:39px}.elementor-widget-heading .elementor-heading-title.elementor-size-xxl{font-size:59px}<\/style><h2 class=\"elementor-heading-title elementor-size-default\">Coctel por los se\u00f1ores generales de la Polic\u00eda Nacional<\/h2>\t\t<\/div>\n\t\t\t\t<\/div>\n\t\t\t\t<div class=\"elementor-element elementor-element-0bbd370 elementor-widget elementor-widget-spacer\" data-id=\"0bbd370\" data-element_type=\"widget\" data-widget_type=\"spacer.default\">\n\t\t\t\t<div class=\"elementor-widget-container\">\n\t\t\t\t\t<div class=\"elementor-spacer\">\n\t\t\t<div class=\"elementor-spacer-inner\"><\/div>\n\t\t<\/div>\n\t\t\t\t<\/div>\n\t\t\t\t<\/div>\n\t\t\t\t<div class=\"elementor-element elementor-element-50eb1493 elementor-invisible elementor-widget elementor-widget-text-editor\" data-id=\"50eb1493\" data-element_type=\"widget\" data-settings=\"{&quot;_animation&quot;:&quot;fadeInDown&quot;}\" data-widget_type=\"text-editor.default\">\n\t\t\t\t<div class=\"elementor-widget-container\">\n\t\t\t<style>\/*! elementor - v3.9.1 - 14-12-2022 *\/\n.elementor-widget-text-editor.elementor-drop-cap-view-stacked .elementor-drop-cap{background-color:#818a91;color:#fff}.elementor-widget-text-editor.elementor-drop-cap-view-framed .elementor-drop-cap{color:#818a91;border:3px solid;background-color:transparent}.elementor-widget-text-editor:not(.elementor-drop-cap-view-default) .elementor-drop-cap{margin-top:8px}.elementor-widget-text-editor:not(.elementor-drop-cap-view-default) .elementor-drop-cap-letter{width:1em;height:1em}.elementor-widget-text-editor .elementor-drop-cap{float:left;text-align:center;line-height:1;font-size:50px}.elementor-widget-text-editor .elementor-drop-cap-letter{display:inline-block}<\/style>\t\t\t\t<p><!-- wp:paragraph --><\/p>\n<p>El 7 de Junio del 2017, el exvicepresidente de la Rep\u00fablica de Colombia General Oscar Naranjo Trujillo, ofreci\u00f3 en la residencia oficial un c\u00f3ctel en honor de los se\u00f1ores Generales de la Polic\u00eda Nacional.<\/p>\n<p><br \/>Asistieron al evento social el entonces Comandante General de las F.F.M.M., el excomandante del Ej\u00e9rcito Nacional, el excomandante de la Armada Nacional, el exdirector de la Polic\u00eda Nacional y todo el grupo de generales de este cuerpo; fueron acompa\u00f1ados por funcionarios del gobierno nacional e invitados especiales, entre ellos, el gerente de la firma el se\u00f1or abogado JOSE J. VARGAS VALENCIA y su hijo CAMILO VARGAS A.<\/p>\n<figure class=\"wp-block-gallery has-nested-images columns-default is-cropped\">\n<p><!-- \/wp:image --><\/p>\n<\/figure>\n<p><!-- \/wp:gallery --><\/p>\t\t\t\t\t\t<\/div>\n\t\t\t\t<\/div>\n\t\t\t\t<div class=\"elementor-element elementor-element-5bc4241 elementor-widget elementor-widget-spacer\" data-id=\"5bc4241\" data-element_type=\"widget\" data-widget_type=\"spacer.default\">\n\t\t\t\t<div class=\"elementor-widget-container\">\n\t\t\t\t\t<div class=\"elementor-spacer\">\n\t\t\t<div class=\"elementor-spacer-inner\"><\/div>\n\t\t<\/div>\n\t\t\t\t<\/div>\n\t\t\t\t<\/div>\n\t\t\t\t<div class=\"elementor-element elementor-element-5422a65 elementor-arrows-position-inside elementor-pagination-position-outside elementor-invisible elementor-widget elementor-widget-image-carousel\" data-id=\"5422a65\" data-element_type=\"widget\" data-settings=\"{&quot;_animation&quot;:&quot;fadeInLeft&quot;,&quot;navigation&quot;:&quot;both&quot;,&quot;autoplay&quot;:&quot;yes&quot;,&quot;pause_on_hover&quot;:&quot;yes&quot;,&quot;pause_on_interaction&quot;:&quot;yes&quot;,&quot;autoplay_speed&quot;:5000,&quot;infinite&quot;:&quot;yes&quot;,&quot;speed&quot;:500}\" data-widget_type=\"image-carousel.default\">\n\t\t\t\t<div class=\"elementor-widget-container\">\n\t\t\t<style>\/*! elementor - v3.9.1 - 14-12-2022 *\/\n.elementor-widget-image-carousel .swiper-container{position:static}.elementor-widget-image-carousel .swiper-container .swiper-slide figure{line-height:inherit}.elementor-widget-image-carousel .swiper-slide{text-align:center}.elementor-image-carousel-wrapper:not(.swiper-container-initialized) .swiper-slide{max-width:calc(100% \/ var(--e-image-carousel-slides-to-show, 3))}<\/style>\t\t<div class=\"elementor-image-carousel-wrapper swiper-container\" dir=\"ltr\">\n\t\t\t<div class=\"elementor-image-carousel swiper-wrapper\">\n\t\t\t\t\t\t\t\t<div class=\"swiper-slide\"><figure class=\"swiper-slide-inner\"><img decoding=\"async\" class=\"swiper-slide-image\" src=\"https:\/\/jjvlegal.com\/wp-content\/uploads\/elementor\/thumbs\/1662730767897-pwjpdweo8kxuv13fpgl5ow2ysndlfh6xfnqe98bnns.jpeg\" alt=\"1662730767897\" \/><\/figure><\/div><div class=\"swiper-slide\"><figure class=\"swiper-slide-inner\"><img decoding=\"async\" class=\"swiper-slide-image\" src=\"https:\/\/jjvlegal.com\/wp-content\/uploads\/elementor\/thumbs\/1662730768003-pwjpdweo8kxuv13fpgl5ow2ysndlfh6xfnqe98bnns.jpeg\" alt=\"1662730768003\" \/><\/figure><\/div><div class=\"swiper-slide\"><figure class=\"swiper-slide-inner\"><img decoding=\"async\" class=\"swiper-slide-image\" src=\"https:\/\/jjvlegal.com\/wp-content\/uploads\/elementor\/thumbs\/1662730767554-pwjp58c97l2nshoqbpp0p2txkq3qfys1kr56xd6d1k.jpeg\" alt=\"1662730767554\" \/><\/figure><\/div>\t\t\t<\/div>\n\t\t\t\t\t\t\t\t\t\t\t\t<div class=\"swiper-pagination\"><\/div>\n\t\t\t\t\t\t\t\t\t\t\t\t\t<div class=\"elementor-swiper-button elementor-swiper-button-prev\">\n\t\t\t\t\t\t<i aria-hidden=\"true\" class=\"eicon-chevron-left\"><\/i>\t\t\t\t\t\t<span class=\"elementor-screen-only\">Anterior<\/span>\n\t\t\t\t\t<\/div>\n\t\t\t\t\t<div class=\"elementor-swiper-button elementor-swiper-button-next\">\n\t\t\t\t\t\t<i aria-hidden=\"true\" class=\"eicon-chevron-right\"><\/i>\t\t\t\t\t\t<span class=\"elementor-screen-only\">Siguiente<\/span>\n\t\t\t\t\t<\/div>\n\t\t\t\t\t\t\t\t\t<\/div>\n\t\t\t\t<\/div>\n\t\t\t\t<\/div>\n\t\t\t\t<div class=\"elementor-element elementor-element-ba30cb6 elementor-widget elementor-widget-spacer\" data-id=\"ba30cb6\" data-element_type=\"widget\" data-widget_type=\"spacer.default\">\n\t\t\t\t<div class=\"elementor-widget-container\">\n\t\t\t\t\t<div class=\"elementor-spacer\">\n\t\t\t<div class=\"elementor-spacer-inner\"><\/div>\n\t\t<\/div>\n\t\t\t\t<\/div>\n\t\t\t\t<\/div>\n\t\t\t\t<div class=\"elementor-element elementor-element-0e3c5e5 elementor-align-center elementor-invisible elementor-widget elementor-widget-button\" data-id=\"0e3c5e5\" data-element_type=\"widget\" data-settings=\"{&quot;_animation&quot;:&quot;fadeInDown&quot;}\" data-widget_type=\"button.default\">\n\t\t\t\t<div class=\"elementor-widget-container\">\n\t\t\t\t\t<div class=\"elementor-button-wrapper\">\n\t\t\t<a href=\"https:\/\/jjvlegal.com\/index.php\/publicaciones\/\" class=\"elementor-button-link elementor-button elementor-size-md\" role=\"button\">\n\t\t\t\t\t\t<span class=\"elementor-button-content-wrapper\">\n\t\t\t\t\t\t\t<span class=\"elementor-button-icon elementor-align-icon-right\">\n\t\t\t\t<i aria-hidden=\"true\" class=\"fas fa-angle-left\"><\/i>\t\t\t<\/span>\n\t\t\t\t\t\t<span class=\"elementor-button-text\">Volver<\/span>\n\t\t<\/span>\n\t\t\t\t\t<\/a>\n\t\t<\/div>\n\t\t\t\t<\/div>\n\t\t\t\t<\/div>\n\t\t\t\t\t<\/div>\n\t\t<\/div>\n\t\t\t\t\t\t\t<\/div>\n\t\t<\/section>\n\t\t\t\t<section class=\"elementor-section elementor-top-section elementor-element elementor-element-cf4d5a9 elementor-section-content-middle elementor-section-boxed elementor-section-height-default elementor-section-height-default\" data-id=\"cf4d5a9\" data-element_type=\"section\">\n\t\t\t\t\t\t<div class=\"elementor-container elementor-column-gap-no\">\n\t\t\t\t\t<div class=\"elementor-column elementor-col-100 elementor-top-column elementor-element elementor-element-43b04211\" data-id=\"43b04211\" data-element_type=\"column\">\n\t\t\t<div class=\"elementor-widget-wrap elementor-element-populated\">\n\t\t\t\t\t\t\t\t<div class=\"elementor-element elementor-element-511b2a22 elementor-invisible elementor-widget elementor-widget-heading\" data-id=\"511b2a22\" data-element_type=\"widget\" data-settings=\"{&quot;_animation&quot;:&quot;fadeInDown&quot;}\" data-widget_type=\"heading.default\">\n\t\t\t\t<div class=\"elementor-widget-container\">\n\t\t\t<h2 class=\"elementor-heading-title elementor-size-default\">\u00a1No deje que lo agobien sus dificultades!<\/h2>\t\t<\/div>\n\t\t\t\t<\/div>\n\t\t\t\t<div class=\"elementor-element elementor-element-217457cd elementor-invisible elementor-widget elementor-widget-text-editor\" data-id=\"217457cd\" data-element_type=\"widget\" data-settings=\"{&quot;_animation&quot;:&quot;fadeInDown&quot;}\" data-widget_type=\"text-editor.default\">\n\t\t\t\t<div class=\"elementor-widget-container\">\n\t\t\t\t\t\t\t<p>Somos una firma legal colombiana fundamentados en la trayectoria, seguridad, confianza y calidad.\u00a0<\/p><p>\u00a1M\u00e1s de 20 a\u00f1os de experiencia a su servicio!<\/p>\t\t\t\t\t\t<\/div>\n\t\t\t\t<\/div>\n\t\t\t\t<div class=\"elementor-element elementor-element-3f59fee8 elementor-align-center elementor-invisible elementor-widget elementor-widget-button\" data-id=\"3f59fee8\" data-element_type=\"widget\" data-settings=\"{&quot;_animation&quot;:&quot;fadeInDown&quot;}\" data-widget_type=\"button.default\">\n\t\t\t\t<div class=\"elementor-widget-container\">\n\t\t\t\t\t<div class=\"elementor-button-wrapper\">\n\t\t\t<a href=\"https:\/\/jjvlegal.com\/index.php\/contacto\/\" class=\"elementor-button-link elementor-button elementor-size-sm\" role=\"button\">\n\t\t\t\t\t\t<span class=\"elementor-button-content-wrapper\">\n\t\t\t\t\t\t<span class=\"elementor-button-text\">Cont\u00e1ctenos<\/span>\n\t\t<\/span>\n\t\t\t\t\t<\/a>\n\t\t<\/div>\n\t\t\t\t<\/div>\n\t\t\t\t<\/div>\n\t\t\t\t\t<\/div>\n\t\t<\/div>\n\t\t\t\t\t\t\t<\/div>\n\t\t<\/section>\n\t\t\t\t\t\t\t<\/div>\n\t\t","protected":false},"excerpt":{"rendered":"<p>Coctel por los se\u00f1ores generales de la Polic\u00eda Nacional El 7 de Junio del 2017, el exvicepresidente de la Rep\u00fablica de Colombia General Oscar Naranjo Trujillo, ofreci\u00f3 en la residencia oficial un c\u00f3ctel en honor de los se\u00f1ores Generales de la Polic\u00eda Nacional. Asistieron al evento social el entonces Comandante General de las F.F.M.M., el [&hellip;]<\/p>\n","protected":false},"author":1,"featured_media":514,"comment_status":"closed","ping_status":"closed","sticky":false,"template":"elementor_header_footer","format":"standard","meta":{"footnotes":""},"categories":[8],"tags":[],"class_list":["post-512","post","type-post","status-publish","format-standard","has-post-thumbnail","hentry","category-eventos"],"yoast_head":"<!-- This site is optimized with the Yoast SEO plugin v19.13 - https:\/\/yoast.com\/wordpress\/plugins\/seo\/ -->\n<title>Coctel por los se\u00f1ores generales de la Polic\u00eda Nacional - Vargas Law Firm<\/title>\n<meta name=\"robots\" content=\"index, follow, max-snippet:-1, max-image-preview:large, max-video-preview:-1\" \/>\n<link rel=\"canonical\" href=\"https:\/\/jjvlegal.com\/index.php\/2022\/10\/21\/coctel-por-los-senores-generales-de-la-policia-nacional\/\" \/>\n<meta property=\"og:locale\" content=\"es_ES\" \/>\n<meta property=\"og:type\" content=\"article\" \/>\n<meta property=\"og:title\" content=\"Coctel por los se\u00f1ores generales de la Polic\u00eda Nacional - Vargas Law Firm\" \/>\n<meta property=\"og:description\" content=\"Coctel por los se\u00f1ores generales de la Polic\u00eda Nacional El 7 de Junio del 2017, el exvicepresidente de la Rep\u00fablica de Colombia General Oscar Naranjo Trujillo, ofreci\u00f3 en la residencia oficial un c\u00f3ctel en honor de los se\u00f1ores Generales de la Polic\u00eda Nacional. Asistieron al evento social el entonces Comandante General de las F.F.M.M., el [&hellip;]\" \/>\n<meta property=\"og:url\" content=\"https:\/\/jjvlegal.com\/index.php\/2022\/10\/21\/coctel-por-los-senores-generales-de-la-policia-nacional\/\" \/>\n<meta property=\"og:site_name\" content=\"Vargas Law Firm\" \/>\n<meta property=\"article:publisher\" content=\"https:\/\/www.facebook.com\/josejvargasyasociadossas\" \/>\n<meta property=\"article:published_time\" content=\"2022-10-21T16:04:36+00:00\" \/>\n<meta property=\"article:modified_time\" content=\"2022-11-10T17:17:48+00:00\" \/>\n<meta property=\"og:image\" content=\"https:\/\/jjvlegal.com\/wp-content\/uploads\/2022\/10\/1662730767554-1-e1667505118495.jpeg\" \/>\n\t<meta property=\"og:image:width\" content=\"960\" \/>\n\t<meta property=\"og:image:height\" content=\"636\" \/>\n\t<meta property=\"og:image:type\" content=\"image\/jpeg\" \/>\n<meta name=\"author\" content=\"VargasLawFirmMarketing\" \/>\n<meta name=\"twitter:card\" content=\"summary_large_image\" \/>\n<meta name=\"twitter:creator\" content=\"@vargaslawfirm\" \/>\n<meta name=\"twitter:site\" content=\"@vargaslawfirm\" \/>\n<meta name=\"twitter:label1\" content=\"Escrito por\" \/>\n\t<meta name=\"twitter:data1\" content=\"VargasLawFirmMarketing\" \/>\n\t<meta name=\"twitter:label2\" content=\"Tiempo estimado de lectura\" \/>\n\t<meta name=\"twitter:data2\" content=\"1 minuto\" \/>\n<script type=\"application\/ld+json\" class=\"yoast-schema-graph\">{\"@context\":\"https:\/\/schema.org\",\"@graph\":[{\"@type\":\"Article\",\"@id\":\"https:\/\/jjvlegal.com\/index.php\/2022\/10\/21\/coctel-por-los-senores-generales-de-la-policia-nacional\/#article\",\"isPartOf\":{\"@id\":\"https:\/\/jjvlegal.com\/index.php\/2022\/10\/21\/coctel-por-los-senores-generales-de-la-policia-nacional\/\"},\"author\":{\"name\":\"VargasLawFirmMarketing\",\"@id\":\"https:\/\/jjvlegal.com\/#\/schema\/person\/d910ca9d0330228d43284198df7b293a\"},\"headline\":\"Coctel por los se\u00f1ores generales de la Polic\u00eda Nacional\",\"datePublished\":\"2022-10-21T16:04:36+00:00\",\"dateModified\":\"2022-11-10T17:17:48+00:00\",\"mainEntityOfPage\":{\"@id\":\"https:\/\/jjvlegal.com\/index.php\/2022\/10\/21\/coctel-por-los-senores-generales-de-la-policia-nacional\/\"},\"wordCount\":168,\"publisher\":{\"@id\":\"https:\/\/jjvlegal.com\/#organization\"},\"articleSection\":[\"Eventos\"],\"inLanguage\":\"es-CO\"},{\"@type\":\"WebPage\",\"@id\":\"https:\/\/jjvlegal.com\/index.php\/2022\/10\/21\/coctel-por-los-senores-generales-de-la-policia-nacional\/\",\"url\":\"https:\/\/jjvlegal.com\/index.php\/2022\/10\/21\/coctel-por-los-senores-generales-de-la-policia-nacional\/\",\"name\":\"Coctel por los se\u00f1ores generales de la Polic\u00eda Nacional - Vargas Law Firm\",\"isPartOf\":{\"@id\":\"https:\/\/jjvlegal.com\/#website\"},\"datePublished\":\"2022-10-21T16:04:36+00:00\",\"dateModified\":\"2022-11-10T17:17:48+00:00\",\"breadcrumb\":{\"@id\":\"https:\/\/jjvlegal.com\/index.php\/2022\/10\/21\/coctel-por-los-senores-generales-de-la-policia-nacional\/#breadcrumb\"},\"inLanguage\":\"es-CO\",\"potentialAction\":[{\"@type\":\"ReadAction\",\"target\":[\"https:\/\/jjvlegal.com\/index.php\/2022\/10\/21\/coctel-por-los-senores-generales-de-la-policia-nacional\/\"]}]},{\"@type\":\"BreadcrumbList\",\"@id\":\"https:\/\/jjvlegal.com\/index.php\/2022\/10\/21\/coctel-por-los-senores-generales-de-la-policia-nacional\/#breadcrumb\",\"itemListElement\":[{\"@type\":\"ListItem\",\"position\":1,\"name\":\"Inicio\",\"item\":\"https:\/\/jjvlegal.com\/\"},{\"@type\":\"ListItem\",\"position\":2,\"name\":\"Coctel por los se\u00f1ores generales de la Polic\u00eda Nacional\"}]},{\"@type\":\"WebSite\",\"@id\":\"https:\/\/jjvlegal.com\/#website\",\"url\":\"https:\/\/jjvlegal.com\/\",\"name\":\"Vargas Law Firm\",\"description\":\"Somos una firma legal con sede en Colombia y Estados Unidos. Estamos para asesorarlo y ayudarlo en cualquier dificultad jur\u00eddica que se encuentre.\",\"publisher\":{\"@id\":\"https:\/\/jjvlegal.com\/#organization\"},\"potentialAction\":[{\"@type\":\"SearchAction\",\"target\":{\"@type\":\"EntryPoint\",\"urlTemplate\":\"https:\/\/jjvlegal.com\/?s={search_term_string}\"},\"query-input\":\"required name=search_term_string\"}],\"inLanguage\":\"es-CO\"},{\"@type\":\"Organization\",\"@id\":\"https:\/\/jjvlegal.com\/#organization\",\"name\":\"Vargas Law Firm\",\"url\":\"https:\/\/jjvlegal.com\/\",\"logo\":{\"@type\":\"ImageObject\",\"inLanguage\":\"es-CO\",\"@id\":\"https:\/\/jjvlegal.com\/#\/schema\/logo\/image\/\",\"url\":\"https:\/\/jjvlegal.com\/wp-content\/uploads\/2022\/10\/Logo.svg\",\"contentUrl\":\"https:\/\/jjvlegal.com\/wp-content\/uploads\/2022\/10\/Logo.svg\",\"width\":1080,\"height\":1080,\"caption\":\"Vargas Law Firm\"},\"image\":{\"@id\":\"https:\/\/jjvlegal.com\/#\/schema\/logo\/image\/\"},\"sameAs\":[\"https:\/\/www.instagram.com\/vargaslawfirmsas\/\",\"https:\/\/www.tiktok.com\/@vargaslawfirmsas\",\"https:\/\/www.facebook.com\/josejvargasyasociadossas\",\"https:\/\/twitter.com\/vargaslawfirm\"]},{\"@type\":\"Person\",\"@id\":\"https:\/\/jjvlegal.com\/#\/schema\/person\/d910ca9d0330228d43284198df7b293a\",\"name\":\"VargasLawFirmMarketing\",\"image\":{\"@type\":\"ImageObject\",\"inLanguage\":\"es-CO\",\"@id\":\"https:\/\/jjvlegal.com\/#\/schema\/person\/image\/\",\"url\":\"https:\/\/secure.gravatar.com\/avatar\/ec31d33797de4ea75b7a906f77a559745a3072c32e615475deb9d0bf6a51fdcd?s=96&d=mm&r=g\",\"contentUrl\":\"https:\/\/secure.gravatar.com\/avatar\/ec31d33797de4ea75b7a906f77a559745a3072c32e615475deb9d0bf6a51fdcd?s=96&d=mm&r=g\",\"caption\":\"VargasLawFirmMarketing\"},\"sameAs\":[\"https:\/\/jjvlegal.com\"],\"url\":\"https:\/\/jjvlegal.com\/index.php\/author\/vargaslawfirmmarketing\/\"}]}<\/script>\n<!-- \/ Yoast SEO plugin. -->","yoast_head_json":{"title":"Coctel por los se\u00f1ores generales de la Polic\u00eda Nacional - Vargas Law Firm","robots":{"index":"index","follow":"follow","max-snippet":"max-snippet:-1","max-image-preview":"max-image-preview:large","max-video-preview":"max-video-preview:-1"},"canonical":"https:\/\/jjvlegal.com\/index.php\/2022\/10\/21\/coctel-por-los-senores-generales-de-la-policia-nacional\/","og_locale":"es_ES","og_type":"article","og_title":"Coctel por los se\u00f1ores generales de la Polic\u00eda Nacional - Vargas Law Firm","og_description":"Coctel por los se\u00f1ores generales de la Polic\u00eda Nacional El 7 de Junio del 2017, el exvicepresidente de la Rep\u00fablica de Colombia General Oscar Naranjo Trujillo, ofreci\u00f3 en la residencia oficial un c\u00f3ctel en honor de los se\u00f1ores Generales de la Polic\u00eda Nacional. Asistieron al evento social el entonces Comandante General de las F.F.M.M., el [&hellip;]","og_url":"https:\/\/jjvlegal.com\/index.php\/2022\/10\/21\/coctel-por-los-senores-generales-de-la-policia-nacional\/","og_site_name":"Vargas Law Firm","article_publisher":"https:\/\/www.facebook.com\/josejvargasyasociadossas","article_published_time":"2022-10-21T16:04:36+00:00","article_modified_time":"2022-11-10T17:17:48+00:00","og_image":[{"width":960,"height":636,"url":"https:\/\/jjvlegal.com\/wp-content\/uploads\/2022\/10\/1662730767554-1-e1667505118495.jpeg","type":"image\/jpeg"}],"author":"VargasLawFirmMarketing","twitter_card":"summary_large_image","twitter_creator":"@vargaslawfirm","twitter_site":"@vargaslawfirm","twitter_misc":{"Escrito por":"VargasLawFirmMarketing","Tiempo estimado de lectura":"1 minuto"},"schema":{"@context":"https:\/\/schema.org","@graph":[{"@type":"Article","@id":"https:\/\/jjvlegal.com\/index.php\/2022\/10\/21\/coctel-por-los-senores-generales-de-la-policia-nacional\/#article","isPartOf":{"@id":"https:\/\/jjvlegal.com\/index.php\/2022\/10\/21\/coctel-por-los-senores-generales-de-la-policia-nacional\/"},"author":{"name":"VargasLawFirmMarketing","@id":"https:\/\/jjvlegal.com\/#\/schema\/person\/d910ca9d0330228d43284198df7b293a"},"headline":"Coctel por los se\u00f1ores generales de la Polic\u00eda Nacional","datePublished":"2022-10-21T16:04:36+00:00","dateModified":"2022-11-10T17:17:48+00:00","mainEntityOfPage":{"@id":"https:\/\/jjvlegal.com\/index.php\/2022\/10\/21\/coctel-por-los-senores-generales-de-la-policia-nacional\/"},"wordCount":168,"publisher":{"@id":"https:\/\/jjvlegal.com\/#organization"},"articleSection":["Eventos"],"inLanguage":"es-CO"},{"@type":"WebPage","@id":"https:\/\/jjvlegal.com\/index.php\/2022\/10\/21\/coctel-por-los-senores-generales-de-la-policia-nacional\/","url":"https:\/\/jjvlegal.com\/index.php\/2022\/10\/21\/coctel-por-los-senores-generales-de-la-policia-nacional\/","name":"Coctel por los se\u00f1ores generales de la Polic\u00eda Nacional - Vargas Law Firm","isPartOf":{"@id":"https:\/\/jjvlegal.com\/#website"},"datePublished":"2022-10-21T16:04:36+00:00","dateModified":"2022-11-10T17:17:48+00:00","breadcrumb":{"@id":"https:\/\/jjvlegal.com\/index.php\/2022\/10\/21\/coctel-por-los-senores-generales-de-la-policia-nacional\/#breadcrumb"},"inLanguage":"es-CO","potentialAction":[{"@type":"ReadAction","target":["https:\/\/jjvlegal.com\/index.php\/2022\/10\/21\/coctel-por-los-senores-generales-de-la-policia-nacional\/"]}]},{"@type":"BreadcrumbList","@id":"https:\/\/jjvlegal.com\/index.php\/2022\/10\/21\/coctel-por-los-senores-generales-de-la-policia-nacional\/#breadcrumb","itemListElement":[{"@type":"ListItem","position":1,"name":"Inicio","item":"https:\/\/jjvlegal.com\/"},{"@type":"ListItem","position":2,"name":"Coctel por los se\u00f1ores generales de la Polic\u00eda Nacional"}]},{"@type":"WebSite","@id":"https:\/\/jjvlegal.com\/#website","url":"https:\/\/jjvlegal.com\/","name":"Vargas Law Firm","description":"Somos una firma legal con sede en Colombia y Estados Unidos. Estamos para asesorarlo y ayudarlo en cualquier dificultad jur\u00eddica que se encuentre.","publisher":{"@id":"https:\/\/jjvlegal.com\/#organization"},"potentialAction":[{"@type":"SearchAction","target":{"@type":"EntryPoint","urlTemplate":"https:\/\/jjvlegal.com\/?s={search_term_string}"},"query-input":"required name=search_term_string"}],"inLanguage":"es-CO"},{"@type":"Organization","@id":"https:\/\/jjvlegal.com\/#organization","name":"Vargas Law Firm","url":"https:\/\/jjvlegal.com\/","logo":{"@type":"ImageObject","inLanguage":"es-CO","@id":"https:\/\/jjvlegal.com\/#\/schema\/logo\/image\/","url":"https:\/\/jjvlegal.com\/wp-content\/uploads\/2022\/10\/Logo.svg","contentUrl":"https:\/\/jjvlegal.com\/wp-content\/uploads\/2022\/10\/Logo.svg","width":1080,"height":1080,"caption":"Vargas Law Firm"},"image":{"@id":"https:\/\/jjvlegal.com\/#\/schema\/logo\/image\/"},"sameAs":["https:\/\/www.instagram.com\/vargaslawfirmsas\/","https:\/\/www.tiktok.com\/@vargaslawfirmsas","https:\/\/www.facebook.com\/josejvargasyasociadossas","https:\/\/twitter.com\/vargaslawfirm"]},{"@type":"Person","@id":"https:\/\/jjvlegal.com\/#\/schema\/person\/d910ca9d0330228d43284198df7b293a","name":"VargasLawFirmMarketing","image":{"@type":"ImageObject","inLanguage":"es-CO","@id":"https:\/\/jjvlegal.com\/#\/schema\/person\/image\/","url":"https:\/\/secure.gravatar.com\/avatar\/ec31d33797de4ea75b7a906f77a559745a3072c32e615475deb9d0bf6a51fdcd?s=96&d=mm&r=g","contentUrl":"https:\/\/secure.gravatar.com\/avatar\/ec31d33797de4ea75b7a906f77a559745a3072c32e615475deb9d0bf6a51fdcd?s=96&d=mm&r=g","caption":"VargasLawFirmMarketing"},"sameAs":["https:\/\/jjvlegal.com"],"url":"https:\/\/jjvlegal.com\/index.php\/author\/vargaslawfirmmarketing\/"}]}},"rttpg_featured_image_url":{"full":["https:\/\/jjvlegal.com\/wp-content\/uploads\/2022\/10\/1662730767554-1-e1667505118495.jpeg",960,636,false],"landscape":["https:\/\/jjvlegal.com\/wp-content\/uploads\/2022\/10\/1662730767554-1-e1667505118495.jpeg",960,636,false],"portraits":["https:\/\/jjvlegal.com\/wp-content\/uploads\/2022\/10\/1662730767554-1-e1667505118495.jpeg",960,636,false],"thumbnail":["https:\/\/jjvlegal.com\/wp-content\/uploads\/2022\/10\/1662730767554-1-e1667505118495-150x150.jpeg",150,150,true],"medium":["https:\/\/jjvlegal.com\/wp-content\/uploads\/2022\/10\/1662730767554-1-e1667505118495-300x199.jpeg",300,199,true],"large":["https:\/\/jjvlegal.com\/wp-content\/uploads\/2022\/10\/1662730767554-1-768x1024.jpeg",768,1024,true],"1536x1536":["https:\/\/jjvlegal.com\/wp-content\/uploads\/2022\/10\/1662730767554-1-e1667505118495.jpeg",960,636,false],"2048x2048":["https:\/\/jjvlegal.com\/wp-content\/uploads\/2022\/10\/1662730767554-1-e1667505118495.jpeg",960,636,false]},"rttpg_author":{"display_name":"VargasLawFirmMarketing","author_link":"https:\/\/jjvlegal.com\/index.php\/author\/vargaslawfirmmarketing\/"},"rttpg_comment":0,"rttpg_category":"<a href=\"https:\/\/jjvlegal.com\/index.php\/category\/eventos\/\" rel=\"category tag\">Eventos<\/a>","rttpg_excerpt":"Coctel por los se\u00f1ores generales de la Polic\u00eda Nacional El 7 de Junio del 2017, el exvicepresidente de la Rep\u00fablica de Colombia General Oscar Naranjo Trujillo, ofreci\u00f3 en la residencia oficial un c\u00f3ctel en honor de los se\u00f1ores Generales de la Polic\u00eda Nacional. Asistieron al evento social el entonces Comandante General de las F.F.M.M., el&hellip;","_links":{"self":[{"href":"https:\/\/jjvlegal.com\/index.php\/wp-json\/wp\/v2\/posts\/512","targetHints":{"allow":["GET"]}}],"collection":[{"href":"https:\/\/jjvlegal.com\/index.php\/wp-json\/wp\/v2\/posts"}],"about":[{"href":"https:\/\/jjvlegal.com\/index.php\/wp-json\/wp\/v2\/types\/post"}],"author":[{"embeddable":true,"href":"https:\/\/jjvlegal.com\/index.php\/wp-json\/wp\/v2\/users\/1"}],"replies":[{"embeddable":true,"href":"https:\/\/jjvlegal.com\/index.php\/wp-json\/wp\/v2\/comments?post=512"}],"version-history":[{"count":18,"href":"https:\/\/jjvlegal.com\/index.php\/wp-json\/wp\/v2\/posts\/512\/revisions"}],"predecessor-version":[{"id":591,"href":"https:\/\/jjvlegal.com\/index.php\/wp-json\/wp\/v2\/posts\/512\/revisions\/591"}],"wp:featuredmedia":[{"embeddable":true,"href":"https:\/\/jjvlegal.com\/index.php\/wp-json\/wp\/v2\/media\/514"}],"wp:attachment":[{"href":"https:\/\/jjvlegal.com\/index.php\/wp-json\/wp\/v2\/media?parent=512"}],"wp:term":[{"taxonomy":"category","embeddable":true,"href":"https:\/\/jjvlegal.com\/index.php\/wp-json\/wp\/v2\/categories?post=512"},{"taxonomy":"post_tag","embeddable":true,"href":"https:\/\/jjvlegal.com\/index.php\/wp-json\/wp\/v2\/tags?post=512"}],"curies":[{"name":"wp","href":"https:\/\/api.w.org\/{rel}","templated":true}]}}